{"id":8495,"date":"2025-06-27T15:47:02","date_gmt":"2025-06-27T18:47:02","guid":{"rendered":"https:\/\/fapcom.edu.br\/portal\/?post_type=news&#038;p=8495"},"modified":"2025-12-17T16:10:05","modified_gmt":"2025-12-17T19:10:05","slug":"fapcom-sedia-a-2a-edicao-da-conferencia-de-marketing-educacional-do-semesp","status":"publish","type":"news","link":"https:\/\/fapcom.edu.br\/portal\/noticias\/fapcom-sedia-a-2a-edicao-da-conferencia-de-marketing-educacional-do-semesp\/","title":{"rendered":"FAPCOM sedia a 2\u00aa edi\u00e7\u00e3o da Confer\u00eancia de Marketing Educacional do SEMESP"},"template":"","tags":[],"news_categories":[100048,101],"class_list":["post-8495","news","type-news","status-publish","hentry","news_categories-educacao","news_categories-eventos"],"acf":[],"aioseo_notices":[],"_links":{"self":[{"href":"https:\/\/fapcom.edu.br\/portal\/wp-json\/wp\/v2\/news\/8495","targetHints":{"allow":["GET"]}}],"collection":[{"href":"https:\/\/fapcom.edu.br\/portal\/wp-json\/wp\/v2\/news"}],"about":[{"href":"https:\/\/fapcom.edu.br\/portal\/wp-json\/wp\/v2\/types\/news"}],"wp:attachment":[{"href":"https:\/\/fapcom.edu.br\/portal\/wp-json\/wp\/v2\/media?parent=8495"}],"wp:term":[{"taxonomy":"post_tag","embeddable":true,"href":"https:\/\/fapcom.edu.br\/portal\/wp-json\/wp\/v2\/tags?post=8495"},{"taxonomy":"news_categories","embeddable":true,"href":"https:\/\/fapcom.edu.br\/portal\/wp-json\/wp\/v2\/news_categories?post=8495"}],"curies":[{"name":"wp","href":"https:\/\/api.w.org\/{rel}","templated":true}]}}