{"id":11586,"date":"2026-03-05T14:47:43","date_gmt":"2026-03-05T17:47:43","guid":{"rendered":"https:\/\/fapcom.edu.br\/portal\/?post_type=news&#038;p=11586"},"modified":"2026-03-05T14:49:50","modified_gmt":"2026-03-05T17:49:50","slug":"aula-magna-marca-inicio-do-ano-letivo-de-2026-da-fapcom-com-reflexao-sobre-soft-skills-na-comunicacao","status":"publish","type":"news","link":"https:\/\/fapcom.edu.br\/portal\/noticias\/aula-magna-marca-inicio-do-ano-letivo-de-2026-da-fapcom-com-reflexao-sobre-soft-skills-na-comunicacao\/","title":{"rendered":"Aula Magna marca in\u00edcio do ano letivo de 2026 da FAPCOM com reflex\u00e3o sobre soft skills na Comunica\u00e7\u00e3o"},"template":"","tags":[],"news_categories":[101,148],"class_list":["post-11586","news","type-news","status-publish","hentry","news_categories-eventos","news_categories-noticias"],"acf":[],"aioseo_notices":[],"_links":{"self":[{"href":"https:\/\/fapcom.edu.br\/portal\/wp-json\/wp\/v2\/news\/11586","targetHints":{"allow":["GET"]}}],"collection":[{"href":"https:\/\/fapcom.edu.br\/portal\/wp-json\/wp\/v2\/news"}],"about":[{"href":"https:\/\/fapcom.edu.br\/portal\/wp-json\/wp\/v2\/types\/news"}],"wp:attachment":[{"href":"https:\/\/fapcom.edu.br\/portal\/wp-json\/wp\/v2\/media?parent=11586"}],"wp:term":[{"taxonomy":"post_tag","embeddable":true,"href":"https:\/\/fapcom.edu.br\/portal\/wp-json\/wp\/v2\/tags?post=11586"},{"taxonomy":"news_categories","embeddable":true,"href":"https:\/\/fapcom.edu.br\/portal\/wp-json\/wp\/v2\/news_categories?post=11586"}],"curies":[{"name":"wp","href":"https:\/\/api.w.org\/{rel}","templated":true}]}}