{"id":10370,"date":"2025-08-26T11:50:23","date_gmt":"2025-08-26T14:50:23","guid":{"rendered":"https:\/\/fapcom.edu.br\/portal\/?post_type=news&#038;p=10370"},"modified":"2025-12-17T16:08:49","modified_gmt":"2025-12-17T19:08:49","slug":"fapcom-abre-as-inscricoes-para-pos-graduacao-em-gestao-e-servicos-do-suas-com-bolsa-integral","status":"publish","type":"news","link":"https:\/\/fapcom.edu.br\/portal\/noticias\/fapcom-abre-as-inscricoes-para-pos-graduacao-em-gestao-e-servicos-do-suas-com-bolsa-integral\/","title":{"rendered":"FAPCOM abre as inscri\u00e7\u00f5es para p\u00f3s-gradua\u00e7\u00e3o em Gest\u00e3o e Servi\u00e7os do SUAS com bolsa integral"},"template":"","tags":[],"news_categories":[100082],"class_list":["post-10370","news","type-news","status-publish","hentry","news_categories-pos-graduacao"],"acf":[],"aioseo_notices":[],"_links":{"self":[{"href":"https:\/\/fapcom.edu.br\/portal\/wp-json\/wp\/v2\/news\/10370","targetHints":{"allow":["GET"]}}],"collection":[{"href":"https:\/\/fapcom.edu.br\/portal\/wp-json\/wp\/v2\/news"}],"about":[{"href":"https:\/\/fapcom.edu.br\/portal\/wp-json\/wp\/v2\/types\/news"}],"wp:attachment":[{"href":"https:\/\/fapcom.edu.br\/portal\/wp-json\/wp\/v2\/media?parent=10370"}],"wp:term":[{"taxonomy":"post_tag","embeddable":true,"href":"https:\/\/fapcom.edu.br\/portal\/wp-json\/wp\/v2\/tags?post=10370"},{"taxonomy":"news_categories","embeddable":true,"href":"https:\/\/fapcom.edu.br\/portal\/wp-json\/wp\/v2\/news_categories?post=10370"}],"curies":[{"name":"wp","href":"https:\/\/api.w.org\/{rel}","templated":true}]}}